{"id":533,"date":"2026-03-13T18:00:00","date_gmt":"2026-03-13T17:00:00","guid":{"rendered":"https:\/\/fotigesz.hu\/?p=533"},"modified":"2026-03-17T08:43:02","modified_gmt":"2026-03-17T07:43:02","slug":"muszak-vagyongazdalkodasi-eloado","status":"publish","type":"post","link":"https:\/\/fotigesz.hu\/?p=533","title":{"rendered":"M\u0171szak-vagyongazd\u00e1lkod\u00e1si el\u0151ad\u00f3"},"content":{"rendered":"\n<p>F\u00d3TI GAZDAS\u00c1GI ELL\u00c1T\u00d3 SZERVEZET p\u00e1ly\u00e1zatot hirdet K\u00f6zalkalmazotti jogviszony (Kjt.) keret\u00e9ben <br><strong>M\u0171szak-vagyongazd\u00e1lkod\u00e1si el\u0151ad\u00f3<\/strong> Munkak\u00f6r\/feladatk\u00f6r bet\u00f6lt\u00e9s\u00e9re.<br>Tev\u00e9kenys\u00e9gi k\u00f6r (ell\u00e1tand\u00f3 feladatok): A GESZ-hez tartoz\u00f3 int\u00e9zm\u00e9nyek  \u00fczemeltet\u00e9si feladatainak ell\u00e1t\u00e1sa az al\u00e1bbiak szerint: \u00dczemeltet\u00e9si tev\u00e9kenys\u00e9g fel\u00fcgyelete, optimaliz\u00e1l\u00e1sa, az \u00e9p\u00fcletek m\u0171szaki \u00e1llapot\u00e1nak figyelemmel k\u00eds\u00e9r\u00e9se, int\u00e9zked\u00e9s a felmer\u00fcl\u0151 m\u0171szaki hib\u00e1k<br>megsz\u00fcntet\u00e9se \u00e9rdek\u00e9ben, k\u00f6zm\u0171 \u00fczemeltet\u00e9ssel kapcsolatos feladatok elv\u00e9gz\u00e9se, nyilv\u00e1ntart\u00e1sok vezet\u00e9se, ellen\u0151rz\u00e9se, adatszolg\u00e1ltat\u00e1sok k\u00e9sz\u00edt\u00e9se, javaslatt\u00e9tel az int\u00e9zm\u00e9nyek karbantart\u00e1si \u00e9s fel\u00faj\u00edt\u00e1si terv\u00e9nek k\u00e9sz\u00edt\u00e9s\u00e9hez, munk\u00e1k megszervez\u00e9se (\u00e1raj\u00e1nlatok bek\u00e9r\u00e9se, szerz\u0151d\u00e9sek el\u0151k\u00e9sz\u00edt\u00e9se) munk\u00e1latok v\u00e9grehajt\u00e1s\u00e1nak k\u00f6vet\u00e9se, t\u0171z-\u00e9s munkav\u00e9delmi feladatok<br>koordin\u00e1l\u00e1sa (egy\u00fcttm\u0171k\u00f6d\u00e9s k\u00fcls\u0151 megb\u00edzottal), partnerekkel val\u00f3 kapcsolattart\u00e1s (kivitelez\u0151k, hat\u00f3s\u00e1gok, karbantart\u00f3k, biztos\u00edt\u00f3, egy\u00e9b sz\u00e1ll\u00edt\u00f3k, \u00f6nkorm\u00e1nyzat), beszerz\u00e9sek lebonyol\u00edt\u00e1sa, egy\u00e9b m\u0171szaki jelleg\u0171 szervez\u00e9si feladatok ell\u00e1t\u00e1sa.<br><br>Bet\u00f6ltend\u0151 \u00e1ll\u00e1s szakmacsoportja: m\u0171szaki<br>FEOR besorol\u00e1s: 3190 Egy\u00e9b m\u0171szaki foglalkoz\u00e1s\u00fa<br><br>Bet\u00f6ltend\u0151 \u00e1ll\u00e1s munkak\u00f6r\u00e9nek szakter\u00fclete (munkak\u00f6rcsal\u00e1d): Egy\u00e9b<br>Bet\u00f6ltend\u0151 \u00e1ll\u00e1s jogviszonya: K\u00f6zalkalmazotti jogviszony (Kjt.)<br><br>Foglalkoztat\u00e1s id\u0151tartama, munkaideje, munkarendje, form\u00e1ja: Hat\u00e1rozatlan, 40 \u00f3ra,<br>\u00c1ltal\u00e1nos, Teljes munkaid\u0151<br>Munkav\u00e9gz\u00e9s helye: F\u00f3t<br>A munkav\u00e9gz\u00e9s pontos helye: 2151 F\u00f3t, D\u00f3zsa Gy\u00f6rgy \u00fat 12-14.<br>\u00c1ll\u00e1shirdet\u0151 szervezet bemutat\u00e1sa: www.fotigesz.hu<br><br><strong>Felt\u00e9telek, El\u0151ny\u00f6k<\/strong><br>P\u00e1ly\u00e1zati felt\u00e9telek:<br>Jog\u00e1ll\u00e1sb\u00f3l fakad\u00f3 jogszab\u00e1lyi k\u00f6vetelm\u00e9nyek:<\/p>\n\n\n\n<ul class=\"wp-block-list\">\n<li>B\u00fcntetlen el\u0151\u00e9let<\/li>\n\n\n\n<li>Cselekv\u0151k\u00e9pess\u00e9g<\/li>\n\n\n\n<li>Magyar \u00e1llampolg\u00e1rs\u00e1g<\/li>\n\n\n\n<li>Erk\u00f6lcsi bizony\u00edtv\u00e1ny<br>Elv\u00e1rt v\u00e9gzetts\u00e9g\/k\u00e9pes\u00edt\u00e9s:<br>K\u00d6ZSZOLG\u00c1LL\u00c1S sorsz\u00e1m: 146870<br>Int\u00e9zm\u00e9nyi iktat\u00f3sz\u00e1m: 2\/2026<\/li>\n\n\n\n<li>4. \u00c9retts\u00e9gi, vagy k\u00f6z\u00e9pfok\u00fa szakk\u00e9pes\u00edt\u00e9s vagy szakk\u00e9pes\u00edt\u00e9s-r\u00e1\u00e9p\u00fcl\u00e9s<br>fels\u0151 k\u00f6z\u00e9pfok\u00fa r\u00e9szszakk\u00e9pes\u00edt\u00e9s vagy szakk\u00e9pes\u00edt\u00e9s szakma &#8211; k\u00f6z\u00e9pfok\u00fa<br>szakk\u00e9pzetts\u00e9g szakk\u00e9pes\u00edt\u00e9s speci\u00e1lis k\u00e9szs\u00e9gfejleszt\u0151 szakiskolai szakk\u00e9pzetts\u00e9g ,<br>M\u0171szaki, ipari \u00e9s \u00e9p\u00edt\u0151ipari k\u00e9pz\u00e9sek, m.n.s., szakir\u00e1ny\u00fa k\u00f6z\u00e9pfok\u00fa v\u00e9gzetts\u00e9g<br>Elv\u00e1rt szakmai tapasztalat id\u0151tartama (\u00e9v): 3<br>J\u00e1rm\u0171vezet\u0151i enged\u00e9ly kateg\u00f3ria: B<br>P\u00e1ly\u00e1zat elb\u00edr\u00e1l\u00e1sa sor\u00e1n el\u0151nyt jelent:<br>A p\u00e1ly\u00e1zat elb\u00edr\u00e1l\u00e1sa sor\u00e1n el\u0151nyt jelent\u0151 v\u00e9gzetts\u00e9g\/k\u00e9pes\u00edt\u00e9s:<\/li>\n\n\n\n<li>6. Fels\u0151fok\u00fa v\u00e9gzetts\u00e9ghez k\u00f6t\u00f6tt szakk\u00e9pes\u00edt\u00e9s alapk\u00e9pz\u00e9s (Bsc vagy BA),<br>\u00c1ltal\u00e1nos m\u0171szaki (m\u00e9rn\u00f6ki) k\u00e9pz\u00e9s, m.n.s., F\u0151iskola, g\u00e9p\u00e9szm\u00e9rn\u00f6k, \u00e9p\u00edt\u00e9szm\u00e9rn\u00f6k vagy<br>villamosm\u00e9rn\u00f6k<br>A p\u00e1ly\u00e1zat elb\u00edr\u00e1l\u00e1sa sor\u00e1n el\u0151nyt jelent a szakmai tapasztalat?: Igen<br>A p\u00e1ly\u00e1zat elb\u00edr\u00e1l\u00e1sa sor\u00e1n el\u0151nyt jelent a vezet\u0151i tapasztalat?: Nem<br>A p\u00e1ly\u00e1zat r\u00e9szek\u00e9nt beny\u00fajtand\u00f3 igazol\u00e1sok, al\u00e1t\u00e1maszt\u00f3 dokumentumok:<\/li>\n\n\n\n<li>F\u00e9nyk\u00e9ppel ell\u00e1tott szakmai \u00f6n\u00e9letrajz<\/li>\n\n\n\n<li>v\u00e9gzetts\u00e9get, szakk\u00e9pes\u00edt\u00e9st igazol\u00f3 okiratok m\u00e1solata<br>A p\u00e1ly\u00e1zat beny\u00fajt\u00e1s\u00e1nak hat\u00e1rideje: 2026.03.27. 10:00<br>P\u00e1ly\u00e1zat beny\u00fajt\u00e1s\u00e1nak m\u00f3dja: Postai \u00faton, a p\u00e1ly\u00e1zatnak a F\u00f3ti Gazdas\u00e1gi Ell\u00e1t\u00f3 Szervezet<br>c\u00edm\u00e9re t\u00f6rt\u00e9n\u0151 megk\u00fcld\u00e9s\u00e9vel (2151 F\u00f3t, D\u00f3zsa Gy\u00f6rgy \u00fat 12-14.). Elektronikus \u00faton V\u00e9rten Imre<br>r\u00e9sz\u00e9re az ig.fotigesz@gmail.com e-mail c\u00edmen kereszt\u00fcl.<br>A p\u00e1ly\u00e1zat elb\u00edr\u00e1l\u00e1s\u00e1nak hat\u00e1rideje: 2026.03.31. 12:00<br>A p\u00e1ly\u00e1zati ki\u00edr\u00e1s tov\u00e1bbi k\u00f6zz\u00e9t\u00e9tel\u00e9nek helye: www.fotigesz.hu<br>F\u00f3t V\u00e1ros honlapja<br>\u00c1ll\u00e1s tervezett bet\u00f6lt\u00e9s\u00e9nek id\u0151pontja: 2026.04.15.<br>Publik\u00e1l\u00e1s tervezett id\u0151pontja: 2026.03.12.<\/li>\n<\/ul>\n","protected":false},"excerpt":{"rendered":"<p>F\u00d3TI GAZDAS\u00c1GI ELL\u00c1T\u00d3 SZERVEZET p\u00e1ly\u00e1zatot hirdet K\u00f6zalkalmazotti jogviszony (Kjt.) keret\u00e9ben M\u0171szak-vagyongazd\u00e1lkod\u00e1si el\u0151ad\u00f3 Munkak\u00f6r\/feladatk\u00f6r bet\u00f6lt\u00e9s\u00e9re.Tev\u00e9kenys\u00e9gi k\u00f6r (ell\u00e1tand\u00f3 feladatok): A GESZ-hez tartoz\u00f3 int\u00e9zm\u00e9nyek \u00fczemeltet\u00e9si feladatainak ell\u00e1t\u00e1sa az al\u00e1bbiak szerint: \u00dczemeltet\u00e9si tev\u00e9kenys\u00e9g fel\u00fcgyelete, optimaliz\u00e1l\u00e1sa, az \u00e9p\u00fcletek m\u0171szaki \u00e1llapot\u00e1nak figyelemmel k\u00eds\u00e9r\u00e9se, int\u00e9zked\u00e9s a felmer\u00fcl\u0151 m\u0171szaki hib\u00e1kmegsz\u00fcntet\u00e9se \u00e9rdek\u00e9ben, k\u00f6zm\u0171 \u00fczemeltet\u00e9ssel kapcsolatos feladatok elv\u00e9gz\u00e9se, nyilv\u00e1ntart\u00e1sok vezet\u00e9se, ellen\u0151rz\u00e9se, adatszolg\u00e1ltat\u00e1sok k\u00e9sz\u00edt\u00e9se, javaslatt\u00e9tel az [&hellip;]<\/p>\n","protected":false},"author":1,"featured_media":0,"comment_status":"open","ping_status":"open","sticky":false,"template":"","format":"standard","meta":{"footnotes":""},"categories":[1],"tags":[],"class_list":["post-533","post","type-post","status-publish","format-standard","hentry","category-egyeb","post-preview"],"_links":{"self":[{"href":"https:\/\/fotigesz.hu\/index.php?rest_route=\/wp\/v2\/posts\/533","targetHints":{"allow":["GET"]}}],"collection":[{"href":"https:\/\/fotigesz.hu\/index.php?rest_route=\/wp\/v2\/posts"}],"about":[{"href":"https:\/\/fotigesz.hu\/index.php?rest_route=\/wp\/v2\/types\/post"}],"author":[{"embeddable":true,"href":"https:\/\/fotigesz.hu\/index.php?rest_route=\/wp\/v2\/users\/1"}],"replies":[{"embeddable":true,"href":"https:\/\/fotigesz.hu\/index.php?rest_route=%2Fwp%2Fv2%2Fcomments&post=533"}],"version-history":[{"count":1,"href":"https:\/\/fotigesz.hu\/index.php?rest_route=\/wp\/v2\/posts\/533\/revisions"}],"predecessor-version":[{"id":535,"href":"https:\/\/fotigesz.hu\/index.php?rest_route=\/wp\/v2\/posts\/533\/revisions\/535"}],"wp:attachment":[{"href":"https:\/\/fotigesz.hu\/index.php?rest_route=%2Fwp%2Fv2%2Fmedia&parent=533"}],"wp:term":[{"taxonomy":"category","embeddable":true,"href":"https:\/\/fotigesz.hu\/index.php?rest_route=%2Fwp%2Fv2%2Fcategories&post=533"},{"taxonomy":"post_tag","embeddable":true,"href":"https:\/\/fotigesz.hu\/index.php?rest_route=%2Fwp%2Fv2%2Ftags&post=533"}],"curies":[{"name":"wp","href":"https:\/\/api.w.org\/{rel}","templated":true}]}}