{"id":191,"date":"2023-04-26T10:36:51","date_gmt":"2023-04-26T08:36:51","guid":{"rendered":"https:\/\/fotigesz.hu\/?p=191"},"modified":"2025-05-28T08:24:14","modified_gmt":"2025-05-28T06:24:14","slug":"foglalkoztatottak-letszama-szemelyi-juttatasok","status":"publish","type":"post","link":"https:\/\/fotigesz.hu\/?p=191","title":{"rendered":"Foglalkoztatottak l\u00e9tsz\u00e1ma, szem\u00e9lyi juttat\u00e1sok"},"content":{"rendered":"\n<p><strong>F\u00f3ti GESZ foglalkoztat\u00e1si adatok<\/strong><\/p>\n\n\n\n<div class=\"wp-block-file\"><a id=\"wp-block-file--media-1427b45f-f5b3-471f-9ed8-388d92a631d7\" href=\"https:\/\/fotigesz.hu\/wp-content\/uploads\/2023\/04\/2024-fogl.letszama-es-juttatasai.xlsx\">2024 fogl.l\u00e9tsz\u00e1ma \u00e9s juttat\u00e1sai<\/a><a href=\"https:\/\/fotigesz.hu\/wp-content\/uploads\/2023\/04\/2024-fogl.letszama-es-juttatasai.xlsx\" class=\"wp-block-file__button wp-element-button\" download aria-describedby=\"wp-block-file--media-1427b45f-f5b3-471f-9ed8-388d92a631d7\">Let\u00f6lt\u00e9s<\/a><\/div>\n\n\n\n<p><\/p>\n\n\n\n<p><strong>2013.03.01-2013.12.31<\/strong><\/p>\n\n\n\n<figure class=\"wp-block-table\"><table><tbody><tr><td colspan=\"2\">Alkalma-zottak l\u00e9tsz\u00e1ma<\/td><td>Rendszeres szem\u00e9lyi juttat\u00e1sok \u00f6sszesen (e Ft)<\/td><td>Munkav\u00e9gz\u00e9shez kapcsol\u00f3d\u00f3 juttat\u00e1sok (e Ft)&nbsp;&nbsp;&nbsp;&nbsp;&nbsp;&nbsp;&nbsp;&nbsp;&nbsp;&nbsp;<\/td><td>Egy\u00e9b felt\u00e9telt\u0151l&nbsp;f\u00fcgg\u0151 juttat\u00e1sok (e Ft)&nbsp;&nbsp;&nbsp;&nbsp;&nbsp;&nbsp;&nbsp;&nbsp;&nbsp;&nbsp;<\/td><\/tr><tr><td>Vezet\u0151:2 f\u0151<\/td><td><\/td><td>6&nbsp;132<\/td><td>936<\/td><td><\/td><\/tr><tr><td>\u00dcgyint\u00e9z\u0151k:  10 f\u0151<\/td><td><\/td><td>11&nbsp;031<\/td><td>2&nbsp;730<\/td><td><\/td><\/tr><tr><td>Technikai alkalmazottak:  37 f\u0151<\/td><td><\/td><td>26 776<\/td><td>6&nbsp;242<\/td><td><\/td><\/tr><tr><td>\u00d6sszesen: 49 f\u0151<\/td><td><\/td><td>43 939<\/td><td>9&nbsp;908<\/td><\/tr><\/tbody><\/table><figcaption class=\"wp-element-caption\">*Az \u00fcgyint\u00e9z\u0151k l\u00e9tsz\u00e1ma \u00e9s b\u00e9radatai az int\u00e9zm\u00e9nyek fokozatos (elt\u00e9r\u0151 id\u0151pontokban t\u00f6rt\u00e9n\u0151) \u00e1tv\u00e9tele miatt nem a teljes id\u0151szakra vonatkozik<br>&nbsp;Minden k\u00f6zalkalmazott brutt\u00f3 200 e Ft cafet\u00e9ria juttat\u00e1sban r\u00e9szes\u00fcl \u00e9vente. (A r\u00e9szmunkaid\u0151s munkav\u00e1llal\u00f3k munkaid\u0151 ar\u00e1nyosan)<\/figcaption><\/figure>\n\n\n\n<p><strong>F\u00f3ti GESZ foglalkoztat\u00e1si adatok<\/strong><\/p>\n\n\n\n<p><strong>2013.03.01-2013.09.30<\/strong><\/p>\n\n\n\n<figure class=\"wp-block-table\"><table><tbody><tr><td colspan=\"2\">Alkalmazottak l\u00e9tsz\u00e1ma&nbsp;<\/td><td>Rendszeres szem\u00e9lyi juttat\u00e1sok \u00f6sszesen (e Ft)<\/td><td>Munkav\u00e9gz\u00e9shez kapcsol\u00f3d\u00f3 juttat\u00e1sok (e Ft)&nbsp;&nbsp;&nbsp;&nbsp;&nbsp;&nbsp;&nbsp;&nbsp;&nbsp;&nbsp;<\/td><td>Egy\u00e9b felt\u00e9telt\u0151l&nbsp;f\u00fcgg\u0151 juttat\u00e1sok (e Ft)&nbsp;&nbsp;&nbsp;&nbsp;&nbsp;&nbsp;&nbsp;&nbsp;&nbsp;&nbsp;<\/td><\/tr><tr><td>Vezet\u0151 2 f\u0151<\/td><td><\/td><td>3 890<\/td><td>236<\/td><td><\/td><\/tr><tr><td>\u00dcgyint\u00e9z\u0151k 10 f\u0151<\/td><td><\/td><td>7 484<\/td><td>1 708<\/td><td><\/td><\/tr><tr><td>Technikai alkalmazottak 10 f\u0151<\/td><td><\/td><td>17 620<\/td><td>3 386<\/td><td><\/td><\/tr><tr><td>\u00d6sszesen: 49 f\u0151<\/td><td><\/td><td>28 994<\/td><td>5 330<\/td><\/tr><\/tbody><\/table><figcaption class=\"wp-element-caption\">*Az \u00fcgyint\u00e9z\u0151k l\u00e9tsz\u00e1ma \u00e9s b\u00e9radatai az int\u00e9zm\u00e9nyek fokozatos (elt\u00e9r\u0151 id\u0151pontokban t\u00f6rt\u00e9n\u0151) \u00e1tv\u00e9tele miatt nem a teljes id\u0151szakra vonatkozik<br>Minden k\u00f6zalkalmazott brutt\u00f3 200 e Ft cafet\u00e9ria juttat\u00e1sban r\u00e9szes\u00fcl \u00e9vente. (A r\u00e9szmunkaid\u0151s munkav\u00e1llal\u00f3k munkaid\u0151 ar\u00e1nyosan)<\/figcaption><\/figure>\n","protected":false},"excerpt":{"rendered":"<p>F\u00f3ti GESZ foglalkoztat\u00e1si adatok 2013.03.01-2013.12.31 Alkalma-zottak l\u00e9tsz\u00e1ma Rendszeres szem\u00e9lyi juttat\u00e1sok \u00f6sszesen (e Ft) Munkav\u00e9gz\u00e9shez kapcsol\u00f3d\u00f3 juttat\u00e1sok (e Ft)&nbsp;&nbsp;&nbsp;&nbsp;&nbsp;&nbsp;&nbsp;&nbsp;&nbsp;&nbsp; Egy\u00e9b felt\u00e9telt\u0151l&nbsp;f\u00fcgg\u0151 juttat\u00e1sok (e Ft)&nbsp;&nbsp;&nbsp;&nbsp;&nbsp;&nbsp;&nbsp;&nbsp;&nbsp;&nbsp; Vezet\u0151:2 f\u0151 6&nbsp;132 936 \u00dcgyint\u00e9z\u0151k: 10 f\u0151 11&nbsp;031 2&nbsp;730 Technikai alkalmazottak: 37 f\u0151 26 776 6&nbsp;242 \u00d6sszesen: 49 f\u0151 43 939 9&nbsp;908 *Az \u00fcgyint\u00e9z\u0151k l\u00e9tsz\u00e1ma \u00e9s b\u00e9radatai az int\u00e9zm\u00e9nyek fokozatos (elt\u00e9r\u0151 id\u0151pontokban [&hellip;]<\/p>\n","protected":false},"author":1,"featured_media":0,"comment_status":"open","ping_status":"open","sticky":false,"template":"","format":"standard","meta":{"footnotes":""},"categories":[1],"tags":[],"class_list":["post-191","post","type-post","status-publish","format-standard","hentry","category-egyeb","post-preview"],"_links":{"self":[{"href":"https:\/\/fotigesz.hu\/index.php?rest_route=\/wp\/v2\/posts\/191","targetHints":{"allow":["GET"]}}],"collection":[{"href":"https:\/\/fotigesz.hu\/index.php?rest_route=\/wp\/v2\/posts"}],"about":[{"href":"https:\/\/fotigesz.hu\/index.php?rest_route=\/wp\/v2\/types\/post"}],"author":[{"embeddable":true,"href":"https:\/\/fotigesz.hu\/index.php?rest_route=\/wp\/v2\/users\/1"}],"replies":[{"embeddable":true,"href":"https:\/\/fotigesz.hu\/index.php?rest_route=%2Fwp%2Fv2%2Fcomments&post=191"}],"version-history":[{"count":2,"href":"https:\/\/fotigesz.hu\/index.php?rest_route=\/wp\/v2\/posts\/191\/revisions"}],"predecessor-version":[{"id":421,"href":"https:\/\/fotigesz.hu\/index.php?rest_route=\/wp\/v2\/posts\/191\/revisions\/421"}],"wp:attachment":[{"href":"https:\/\/fotigesz.hu\/index.php?rest_route=%2Fwp%2Fv2%2Fmedia&parent=191"}],"wp:term":[{"taxonomy":"category","embeddable":true,"href":"https:\/\/fotigesz.hu\/index.php?rest_route=%2Fwp%2Fv2%2Fcategories&post=191"},{"taxonomy":"post_tag","embeddable":true,"href":"https:\/\/fotigesz.hu\/index.php?rest_route=%2Fwp%2Fv2%2Ftags&post=191"}],"curies":[{"name":"wp","href":"https:\/\/api.w.org\/{rel}","templated":true}]}}