{"id":156,"date":"2023-04-26T10:11:08","date_gmt":"2023-04-26T08:11:08","guid":{"rendered":"https:\/\/fotigesz.hu\/?p=156"},"modified":"2023-04-26T10:11:08","modified_gmt":"2023-04-26T08:11:08","slug":"kapcsolodo-koltsegvetesi-szervek","status":"publish","type":"post","link":"https:\/\/fotigesz.hu\/?p=156","title":{"rendered":"Kapcsol\u00f3d\u00f3 k\u00f6lts\u00e9gvet\u00e9si szervek"},"content":{"rendered":"\n<figure class=\"wp-block-table\"><table><tbody><tr><td>K\u00f6lts\u00e9gvet\u00e9si szerv neve<\/td><td>C\u00edme<\/td><\/tr><tr><td colspan=\"2\"><strong>a) \u00d6n\u00e1ll\u00f3an m\u0171k\u00f6d\u0151 k\u00f6lts\u00e9gvet\u00e9si szervek<\/strong><\/td><\/tr><tr><td>Apponyi Franciska \u00d3voda<\/td><td>2151 F\u00f3t, Fruzsina u. 4.<\/td><\/tr><tr><td>F\u00f3ti Bogl\u00e1rka \u00d3voda \u00e9s B\u00f6lcs\u0151de<\/td><td>2151 F\u00f3t, B\u00f6lcs\u0151de u. 2.<\/td><\/tr><tr><td>F\u00f3ti K\u00f6zm\u0171vel\u0151d\u00e9si \u00e9s K\u00f6zgy\u0171jtem\u00e9nyi K\u00f6zpont<\/td><td>2151 F\u00f3t, V\u00f6r\u00f6smarty t\u00e9r 3.<\/td><\/tr><tr><td>Egyes\u00edtett Szoci\u00e1lis \u00e9s Eg\u00e9szs\u00e9g\u00fcgyi Int\u00e9zm\u00e9ny<\/td><td>2151 F\u00f3t, Szent Benedek u. 15.<\/td><\/tr><tr><td colspan=\"2\"><strong>b) Az int\u00e9zm\u00e9nyhez rendelt k\u00f6znevel\u00e9si int\u00e9zm\u00e9nyek<\/strong><\/td><\/tr><tr><td>F\u00f3ti K\u00f6zponti Konyha f\u0151z\u0151konyha<\/td><td>2151 F\u00f3t, Szent Benedek u. 9-11.<\/td><\/tr><tr><td>F\u00f3ti F\u00e1y Andr\u00e1s \u00c1ltal\u00e1nos Iskola \u00e9s \u00d3voda t\u00e1lal\u00f3konyha<\/td><td>2151 F\u00f3t, V\u00e1s\u00e1rt\u00e9r 1.<\/td><\/tr><tr><td>F\u00f3ti Garay J\u00e1nos \u00c1ltal\u00e1nos Iskola t\u00e1lal\u00f3konyha<\/td><td>2151 F\u00f3t, Arany J\u00e1nos u. 20-26.<\/td><\/tr><tr><td>N\u00e9meth K\u00e1lm\u00e1n \u00c1ltal\u00e1nos Iskola \u00e9s AMI t\u00e1lal\u00f3konyha<\/td><td>2151 F\u00f3t, M\u00e1rcius 15. u. 40.<\/td><\/tr><\/tbody><\/table><\/figure>\n","protected":false},"excerpt":{"rendered":"<p>K\u00f6lts\u00e9gvet\u00e9si szerv neve C\u00edme a) \u00d6n\u00e1ll\u00f3an m\u0171k\u00f6d\u0151 k\u00f6lts\u00e9gvet\u00e9si szervek Apponyi Franciska \u00d3voda 2151 F\u00f3t, Fruzsina u. 4. F\u00f3ti Bogl\u00e1rka \u00d3voda \u00e9s B\u00f6lcs\u0151de 2151 F\u00f3t, B\u00f6lcs\u0151de u. 2. F\u00f3ti K\u00f6zm\u0171vel\u0151d\u00e9si \u00e9s K\u00f6zgy\u0171jtem\u00e9nyi K\u00f6zpont 2151 F\u00f3t, V\u00f6r\u00f6smarty t\u00e9r 3. Egyes\u00edtett Szoci\u00e1lis \u00e9s Eg\u00e9szs\u00e9g\u00fcgyi Int\u00e9zm\u00e9ny 2151 F\u00f3t, Szent Benedek u. 15. b) Az int\u00e9zm\u00e9nyhez rendelt k\u00f6znevel\u00e9si int\u00e9zm\u00e9nyek F\u00f3ti [&hellip;]<\/p>\n","protected":false},"author":1,"featured_media":0,"comment_status":"open","ping_status":"open","sticky":false,"template":"","format":"standard","meta":{"footnotes":""},"categories":[1],"tags":[],"class_list":["post-156","post","type-post","status-publish","format-standard","hentry","category-egyeb","post-preview"],"_links":{"self":[{"href":"https:\/\/fotigesz.hu\/index.php?rest_route=\/wp\/v2\/posts\/156","targetHints":{"allow":["GET"]}}],"collection":[{"href":"https:\/\/fotigesz.hu\/index.php?rest_route=\/wp\/v2\/posts"}],"about":[{"href":"https:\/\/fotigesz.hu\/index.php?rest_route=\/wp\/v2\/types\/post"}],"author":[{"embeddable":true,"href":"https:\/\/fotigesz.hu\/index.php?rest_route=\/wp\/v2\/users\/1"}],"replies":[{"embeddable":true,"href":"https:\/\/fotigesz.hu\/index.php?rest_route=%2Fwp%2Fv2%2Fcomments&post=156"}],"version-history":[{"count":1,"href":"https:\/\/fotigesz.hu\/index.php?rest_route=\/wp\/v2\/posts\/156\/revisions"}],"predecessor-version":[{"id":157,"href":"https:\/\/fotigesz.hu\/index.php?rest_route=\/wp\/v2\/posts\/156\/revisions\/157"}],"wp:attachment":[{"href":"https:\/\/fotigesz.hu\/index.php?rest_route=%2Fwp%2Fv2%2Fmedia&parent=156"}],"wp:term":[{"taxonomy":"category","embeddable":true,"href":"https:\/\/fotigesz.hu\/index.php?rest_route=%2Fwp%2Fv2%2Fcategories&post=156"},{"taxonomy":"post_tag","embeddable":true,"href":"https:\/\/fotigesz.hu\/index.php?rest_route=%2Fwp%2Fv2%2Ftags&post=156"}],"curies":[{"name":"wp","href":"https:\/\/api.w.org\/{rel}","templated":true}]}}